{"id":94245,"date":"2025-07-16T09:24:26","date_gmt":"2025-07-16T09:24:26","guid":{"rendered":"https:\/\/tuavaluo.com\/avaluo\/2025\/07\/16\/allianzgi-ficha-a-francisco-amorim-para-impulsar-su-negocio-en-espana-y-portugal\/"},"modified":"2025-07-16T09:24:26","modified_gmt":"2025-07-16T09:24:26","slug":"allianzgi-ficha-a-francisco-amorim-para-impulsar-su-negocio-en-espana-y-portugal","status":"publish","type":"post","link":"https:\/\/tuavaluo.com\/avaluo\/2025\/07\/16\/allianzgi-ficha-a-francisco-amorim-para-impulsar-su-negocio-en-espana-y-portugal\/","title":{"rendered":"AllianzGI ficha a Francisco Amorim para impulsar su negocio en Espa\u00f1a y Portugal"},"content":{"rendered":"<p>Reportar\u00e1 a <strong>Marisa Aguilar<\/strong>, Directora General para Espa\u00f1a y Portugal, y trabajar\u00e1 junto con <strong>Jes\u00fas Ruiz de las Pe\u00f1as<\/strong> y <strong>Juan Pedro Moren\u00e9s<\/strong> desde la oficina de Madrid, seg\u00fan ha explicado en nota de prensa.<\/p>\n<p>Francisco cuenta con <strong>m\u00e1s de 16 a\u00f1os de experiencia<\/strong> en la industria de la gesti\u00f3n de activos. Ha sido Responsable de Desarrollo de Negocio en Iberia de <strong>Jupiter AM<\/strong>, selector de fondos de <strong>Millennium BCP<\/strong> y ha trabajado en el \u00c1rea de Mercados de Capitales del <strong>Banco BIC Portugu\u00e9s<\/strong>.<\/p>\n<p>Anteriormente, trabaj\u00f3 en diversos roles dentro del grupo <strong>Espirito Santo<\/strong> en Luxemburgo y Suiza. Es Licenciado en Administraci\u00f3n de Empresas por el Instituto Superior de Gest\u00e2o y Master (MSc) in Corporate Science en el Instituto Superior de Econom\u00eda y Gest\u00e2o. Tambi\u00e9n es Master in Finance por la Universidad Cat\u00f3lica de Lisboa.<\/p>\n<p>Marisa Aguilar, directora general de Allianz Global Investors en Espa\u00f1a y Portugal, ha comentado que \u00abla incorporaci\u00f3n de Francisco nos ayudar\u00e1 a<strong> reforzar el servicio a los clientes de Espa\u00f1a y Portugal<\/strong>. Su conocimiento del sector y su amplia experiencia se unen a su profesionalidad y valores, que casan muy bien con nuestra visi\u00f3n y con nuestros planes de desarrollo en la regi\u00f3n. Estoy convencida de que Francisco nos permitir\u00e1 estar a\u00fan m\u00e1s cerca de nuestros clientes, y que contribuir\u00e1 de manera significativa a la expansi\u00f3n de nuestro negocio\u201d.<\/p>\n<p>&#013;<br \/>\nSource: Bolsamania.com<\/p>\n","protected":false},"excerpt":{"rendered":"<p>Reportar\u00e1 a Marisa Aguilar, Directora General para Espa\u00f1a y Portugal, y trabajar\u00e1 junto con Jes\u00fas Ruiz de las Pe\u00f1as y&#8230;<\/p>\n","protected":false},"author":1,"featured_media":0,"comment_status":"open","ping_status":"closed","sticky":false,"template":"","format":"standard","meta":[],"categories":[104],"tags":[99],"_links":{"self":[{"href":"https:\/\/tuavaluo.com\/avaluo\/wp-json\/wp\/v2\/posts\/94245"}],"collection":[{"href":"https:\/\/tuavaluo.com\/avaluo\/wp-json\/wp\/v2\/posts"}],"about":[{"href":"https:\/\/tuavaluo.com\/avaluo\/wp-json\/wp\/v2\/types\/post"}],"author":[{"embeddable":true,"href":"https:\/\/tuavaluo.com\/avaluo\/wp-json\/wp\/v2\/users\/1"}],"replies":[{"embeddable":true,"href":"https:\/\/tuavaluo.com\/avaluo\/wp-json\/wp\/v2\/comments?post=94245"}],"version-history":[{"count":0,"href":"https:\/\/tuavaluo.com\/avaluo\/wp-json\/wp\/v2\/posts\/94245\/revisions"}],"wp:attachment":[{"href":"https:\/\/tuavaluo.com\/avaluo\/wp-json\/wp\/v2\/media?parent=94245"}],"wp:term":[{"taxonomy":"category","embeddable":true,"href":"https:\/\/tuavaluo.com\/avaluo\/wp-json\/wp\/v2\/categories?post=94245"},{"taxonomy":"post_tag","embeddable":true,"href":"https:\/\/tuavaluo.com\/avaluo\/wp-json\/wp\/v2\/tags?post=94245"}],"curies":[{"name":"wp","href":"https:\/\/api.w.org\/{rel}","templated":true}]}}