{"id":94813,"date":"2025-07-28T11:10:17","date_gmt":"2025-07-28T11:10:17","guid":{"rendered":"https:\/\/tuavaluo.com\/avaluo\/2025\/07\/28\/sanchez-sobre-el-acuerdo-comercial-con-eeuu-lo-respaldo-pero-sin-ningun-entusiasmo\/"},"modified":"2025-07-28T11:10:17","modified_gmt":"2025-07-28T11:10:17","slug":"sanchez-sobre-el-acuerdo-comercial-con-eeuu-lo-respaldo-pero-sin-ningun-entusiasmo","status":"publish","type":"post","link":"https:\/\/tuavaluo.com\/avaluo\/2025\/07\/28\/sanchez-sobre-el-acuerdo-comercial-con-eeuu-lo-respaldo-pero-sin-ningun-entusiasmo\/","title":{"rendered":"S\u00e1nchez, sobre el acuerdo comercial con EEUU: &quot;Lo respaldo, pero sin ning\u00fan entusiasmo&quot;"},"content":{"rendered":"<p>\u00ab<strong>Europa se tiene que poner las pilas en todos los \u00e1mbitos<\/strong>, en la autonom\u00eda estrat\u00e9gica, en las relaciones comerciales con otros pa\u00edses&#8230;. Tenemos que <strong>diversificar nuestras relaciones comerciales<\/strong>, hacerlo con bloques regionales que quieren acordar con Europa como es el caso de Mercosur\u00bb, ha defendido al respecto.<\/p>\n<p>S\u00e1nchez tambi\u00e9n ha confirmado que presentar\u00e1n el proyecto de presupuestos para 2026. <strong>\u00abTrabajaremos para sacar los presupuestos\u00bb<\/strong>. Al tiempo que ha anunciado que trabaja para ver qu\u00e9 medidas del decreto antiapagones son susceptibles de ser aprobadas por el Consejo de Ministros v\u00eda real decreto, sin necesidad de ser ratificadas por la C\u00e1mara Baja.<\/p>\n<p>\u00abLo que est\u00e1 haciendo el Gobierno de Espa\u00f1a es ver, de todas las medidas, cu\u00e1les son susceptibles de ser aprobadas no por un real decreto-ley, sino por un <strong>real decreto que haga que nuestro sistema sea m\u00e1s resiliente<\/strong>, y en eso es en lo que est\u00e1 trabajando ahora mismo la vicepresidenta tercera del Gobierno\u00bb.<\/p>\n<p>Por otro lado, S\u00e1nchez ha se\u00f1alado que \u00abatravesamos el ecuador de la legislatura, queda mucha legislatura por delante. Los datos no enga\u00f1an. Frente al catastrofismo, el optimismo de los datos. <strong>Espa\u00f1a avanza con fuerza y en la mejor de las direcciones<\/strong>\u00ab, Con todo, ha reconocido que queda \u00abmucho trabajo por hacer y mucha legislatura por delante\u00bb.<\/p>\n<p>En este sentido, el presidente del Gobierno ha enfatizado que nuestro pa\u00eds \u00absuma y sigue\u00bb, y vive un \u00abgran momento de prosperidad\u00bb, al tiempo que ha recordado que <strong>Espa\u00f1a prev\u00e9 recibir m\u00e1s de 100 millones de turistas este a\u00f1o<\/strong> que vienen atra\u00eddos por su \u00abseguridad\u00bb.<\/p>\n<p>Asimismo, ha remarcado que \u00abel bienestar social, <strong>no son fruto de la inercia<\/strong>\u00ab. \u00abSe debe a 48 millones de ciudadanos que se dejan la piel por hacer grande a su pa\u00eds, de miles de inmigrantes y del talento de las pymes y aut\u00f3nomos, tambi\u00e9n las ONG, las grandes empresas y todas las administraciones p\u00fablicas de cualquier s\u00edmbolo y a este Gobierno de coalici\u00f3n progresista\u00bb.<\/p>\n<p>Por ello, ha defendido, en el plano econ\u00f3mico, que <strong>Espa\u00f1a ser\u00e1, por tercer a\u00f1o consecutivo, \u00abla gran econom\u00eda europea que m\u00e1s crezca\u00bb<\/strong>, en un contexto internacional \u00abextraordinariamente complejo\u00bb. Adem\u00e1s, ha afirmado que \u00abel paro es el m\u00e1s bajo desde 2008\u00bb.<\/p>\n<p>\u00abLos datos demuestran que la renta disponible real de los hogares es un 9% m\u00e1s alta que en 2018. Incluso si tenemos en cuenta la inflaci\u00f3n, el hogar medio tiene hoy un 9% m\u00e1s de poder adquisitivo\u00bb, ha agregado S\u00e1nchez. <strong>\u00abLos datos no mienten, Espa\u00f1a avanza y su ciudadan\u00eda tambi\u00e9n lo hace\u00bb<\/strong>.<\/p>\n<p>El presidente del Gobierno tambi\u00e9n ha avanzado que, este martes, el Consejo de Ministros aprobar\u00e1 una<strong> \u00abampliaci\u00f3n hist\u00f3rica de los permisos de nacimiento y de cuidados\u00bb<\/strong>, y ha &#8216;sacado pecho&#8217; de medidas aprobadas durante esta legislatura como el plan de salud mental, la agencia estatal de salud p\u00fablica o las ayudas para menores de 16 a\u00f1os para gafas y lentillas.<\/p>\n<p>\u00abHemos impulsado medidas muy importantes, como la de desperdicio alimentario. Hemos reforzado la protecci\u00f3n de nuestro ecosistema. <strong>Estamos creciendo con empleo de calidad<\/strong> y una reducci\u00f3n bastante importante de los gases de efecto invernadero\u00bb, ha concluido el jefe del Ejecutivo.<\/p>\n<p>&#013;<br \/>\nSource: Bolsamania.com<\/p>\n","protected":false},"excerpt":{"rendered":"<p>\u00abEuropa se tiene que poner las pilas en todos los \u00e1mbitos, en la autonom\u00eda estrat\u00e9gica, en las relaciones comerciales con&#8230;<\/p>\n","protected":false},"author":1,"featured_media":0,"comment_status":"open","ping_status":"closed","sticky":false,"template":"","format":"standard","meta":[],"categories":[104],"tags":[99],"_links":{"self":[{"href":"https:\/\/tuavaluo.com\/avaluo\/wp-json\/wp\/v2\/posts\/94813"}],"collection":[{"href":"https:\/\/tuavaluo.com\/avaluo\/wp-json\/wp\/v2\/posts"}],"about":[{"href":"https:\/\/tuavaluo.com\/avaluo\/wp-json\/wp\/v2\/types\/post"}],"author":[{"embeddable":true,"href":"https:\/\/tuavaluo.com\/avaluo\/wp-json\/wp\/v2\/users\/1"}],"replies":[{"embeddable":true,"href":"https:\/\/tuavaluo.com\/avaluo\/wp-json\/wp\/v2\/comments?post=94813"}],"version-history":[{"count":0,"href":"https:\/\/tuavaluo.com\/avaluo\/wp-json\/wp\/v2\/posts\/94813\/revisions"}],"wp:attachment":[{"href":"https:\/\/tuavaluo.com\/avaluo\/wp-json\/wp\/v2\/media?parent=94813"}],"wp:term":[{"taxonomy":"category","embeddable":true,"href":"https:\/\/tuavaluo.com\/avaluo\/wp-json\/wp\/v2\/categories?post=94813"},{"taxonomy":"post_tag","embeddable":true,"href":"https:\/\/tuavaluo.com\/avaluo\/wp-json\/wp\/v2\/tags?post=94813"}],"curies":[{"name":"wp","href":"https:\/\/api.w.org\/{rel}","templated":true}]}}