{"id":96236,"date":"2025-09-01T13:03:28","date_gmt":"2025-09-01T13:03:28","guid":{"rendered":"https:\/\/tuavaluo.com\/avaluo\/2025\/09\/01\/la-ue-acusa-a-rusia-de-interferir-en-el-gps-de-un-avion-que-transportaba-a-von-der-leyen\/"},"modified":"2025-09-01T13:03:28","modified_gmt":"2025-09-01T13:03:28","slug":"la-ue-acusa-a-rusia-de-interferir-en-el-gps-de-un-avion-que-transportaba-a-von-der-leyen","status":"publish","type":"post","link":"https:\/\/tuavaluo.com\/avaluo\/2025\/09\/01\/la-ue-acusa-a-rusia-de-interferir-en-el-gps-de-un-avion-que-transportaba-a-von-der-leyen\/","title":{"rendered":"La UE acusa a Rusia de interferir en el GPS de un avi\u00f3n que transportaba a Von der Leyen"},"content":{"rendered":"<p>\u00abPodemos confirmar que s\u00ed hubo interferencia GPS, pero el avi\u00f3n aterriz\u00f3 sin problemas en Bulgaria. Hemos recibido informaci\u00f3n de las autoridades b\u00falgaras que<strong> sospechan que esto se debi\u00f3 a una flagrante interferencia por parte de Rusia<\/strong>\u00ab, ha se\u00f1alado un portavoz de la Comisi\u00f3n Europea.<\/p>\n<p>Adem\u00e1s, el portavoz ha se\u00f1alado que <strong>en la UE est\u00e1n \u00abacostumbrados\u00bb a este tipos de comportamientos<\/strong> por parte de Rusia, aunque ha descartado que tengan un impacto en las decisiones del bloque comunitario.<\/p>\n<p>\u00abPor supuesto, somos conscientes y estamos acostumbrados a las amenazas e intimidaciones que son un componente habitual del comportamiento hostil de Rusia, y esto, por supuesto, <strong>no har\u00e1 sino reforzar a\u00fan m\u00e1s nuestro compromiso inquebrantable de reforzar las capacidades de defensa y el apoyo a Ucrania\u00bb<\/strong>, ha agregado.<\/p>\n<p>Ante esta situaci\u00f3n, Bruselas ve necesario reforzar las inversiones para<strong> garantizar la seguridad dentro de las fronteras europeas.<\/strong><\/p>\n<p>\u00abNecesitamos <strong>mejorar nuestra estrategia de defensa, con rapidez y a gran escala.<\/strong> En el Consejo Europeo informal de octubre, presentaremos nuestra Hoja de Ruta para los pr\u00f3ximos 5 a\u00f1os. An\u00e1lisis de las brechas de inversi\u00f3n y capacidad en defensa, y c\u00f3mo subsanarlas\u00bb, ha se\u00f1alado Von der Leyen a trav\u00e9s de su perfil de &#8216;X&#8217;.<\/p>\n<p>Sin embargo, desde Rusia niegan su implicaci\u00f3n en los hechos, y el portavoz de Vlad\u00edmir Putin, <strong>Dmitri Peskov, ha declarado al Financial Times que la informaci\u00f3n es \u00abincorrecta\u00bb.<\/strong><\/p>\n<p>&#013;<br \/>\nSource: Bolsamania.com<\/p>\n","protected":false},"excerpt":{"rendered":"<p>\u00abPodemos confirmar que s\u00ed hubo interferencia GPS, pero el avi\u00f3n aterriz\u00f3 sin problemas en Bulgaria. Hemos recibido informaci\u00f3n de las&#8230;<\/p>\n","protected":false},"author":1,"featured_media":0,"comment_status":"open","ping_status":"closed","sticky":false,"template":"","format":"standard","meta":[],"categories":[104],"tags":[99],"_links":{"self":[{"href":"https:\/\/tuavaluo.com\/avaluo\/wp-json\/wp\/v2\/posts\/96236"}],"collection":[{"href":"https:\/\/tuavaluo.com\/avaluo\/wp-json\/wp\/v2\/posts"}],"about":[{"href":"https:\/\/tuavaluo.com\/avaluo\/wp-json\/wp\/v2\/types\/post"}],"author":[{"embeddable":true,"href":"https:\/\/tuavaluo.com\/avaluo\/wp-json\/wp\/v2\/users\/1"}],"replies":[{"embeddable":true,"href":"https:\/\/tuavaluo.com\/avaluo\/wp-json\/wp\/v2\/comments?post=96236"}],"version-history":[{"count":0,"href":"https:\/\/tuavaluo.com\/avaluo\/wp-json\/wp\/v2\/posts\/96236\/revisions"}],"wp:attachment":[{"href":"https:\/\/tuavaluo.com\/avaluo\/wp-json\/wp\/v2\/media?parent=96236"}],"wp:term":[{"taxonomy":"category","embeddable":true,"href":"https:\/\/tuavaluo.com\/avaluo\/wp-json\/wp\/v2\/categories?post=96236"},{"taxonomy":"post_tag","embeddable":true,"href":"https:\/\/tuavaluo.com\/avaluo\/wp-json\/wp\/v2\/tags?post=96236"}],"curies":[{"name":"wp","href":"https:\/\/api.w.org\/{rel}","templated":true}]}}