{"id":96265,"date":"2025-09-02T07:30:29","date_gmt":"2025-09-02T07:30:29","guid":{"rendered":"https:\/\/tuavaluo.com\/avaluo\/2025\/09\/02\/el-paro-sube-en-21-905-personas-en-agosto-por-los-servicios-pero-sigue-en-minimos-de-2007\/"},"modified":"2025-09-02T07:30:29","modified_gmt":"2025-09-02T07:30:29","slug":"el-paro-sube-en-21-905-personas-en-agosto-por-los-servicios-pero-sigue-en-minimos-de-2007","status":"publish","type":"post","link":"https:\/\/tuavaluo.com\/avaluo\/2025\/09\/02\/el-paro-sube-en-21-905-personas-en-agosto-por-los-servicios-pero-sigue-en-minimos-de-2007\/","title":{"rendered":"El paro sube en 21.905 personas en agosto por los servicios, pero sigue en m\u00ednimos de 2007"},"content":{"rendered":"<div class=\"read-more-links\">\n<h5>Noticia relacionada<\/h5>\n<p><a class=\"readMore\" href=\"https:\/\/www.bolsamania.com\/noticias\/economia\/seguridad-social-mas-216-millones-afiliados-perder-199300-agosto--20814486.html\" rel=\"noopener noreferrer\" target=\"_blank\" data-id=\"20814486\" rel=\"nofollow\" ><\/p>\n<figure><img class=\"lazy\" title=\"Leer m\u00e1s\" data-original=\"https:\/\/img5.s3wfg.com\/web\/img\/images_uploaded\/d\/7\/ep_archivo_-_un_trabajador_autonomo_atiende_a_un_cliente_en_su_negocio_de_charcuteria_285x185.jpg\" data-src=\"https:\/\/img5.s3wfg.com\/web\/img\/images_uploaded\/d\/7\/ep_archivo_-_un_trabajador_autonomo_atiende_a_un_cliente_en_su_negocio_de_charcuteria_285x185.jpg\" \/><\/figure>\n<p>La Seguridad Social registra m\u00e1s de 21,6 millones de afiliados tras perder 199.300 en agosto <\/a><\/div>\n<p>En t\u00e9rminos interanuales el paro ha descendido en 145.610 personas (-5,66%).<\/p>\n<p>El <strong>desempleo femenino<\/strong> aumenta en 11.748 mujeres (0,80%) respecto al mes de julio y se sit\u00faa en 1.471.731. El <strong>masculino<\/strong> se sit\u00faa en 954.780 al ascender en 10.157 personas (1,08%).<\/p>\n<p>Respecto al desempleo juvenil, asciende en agosto en 3.485 personas (2,12%) respecto al mes anterior.<\/p>\n<p>Por sectores econ\u00f3micos, el paro registrado desciende respecto a julio en la <strong>Agricultura<\/strong> en 1.849 personas (-2,36%) y tambi\u00e9n entre el colectivo Sin Empleo en 3.458 personas (-1,53%). Mientras, sube en <strong>Construcci\u00f3n<\/strong> 2.745 (1,55%), <strong>Industria<\/strong> 2.775 (1,49%) y <strong>Servicios<\/strong> 21.692 (1,25%).<\/p>\n<p>Por CCAA, baja en cinco. Las <strong>mayores ca\u00eddas<\/strong> en t\u00e9rminos absolutos se producen en Castilla-La Mancha (-1.047 personas), Canarias (-873 personas) y Comunidad Foral de Navarra (-150 personas). Por el contrario, <strong>encabezan las subidas<\/strong> Catalu\u00f1a (7.942 personas), Comunidad de Madrid (4.214 personas) y Pa\u00eds Vasco (4.178 personas).<\/p>\n<p>En cuanto a la contrataci\u00f3n, el n\u00famero total de contratos registrados durante agosto ha sido de 1.039.962. De este total, <strong>385.856 contratos de trabajo tienen car\u00e1cter indefinido<\/strong> y suponen el 37,10%.<\/p>\n<p>Por \u00faltimo, sobre las prestaciones, las personas beneficiarias a final de julio fueron 1.852.428. La tasa de cobertura del sistema de protecci\u00f3n por desempleo durante el mes de julio ha sido <strong>del 82,39%, un 9,1% m\u00e1s<\/strong> que en el mismo mes de 2024 y la m\u00e1s alta de la serie hist\u00f3rica a excepci\u00f3n del periodo de pandemia.<\/p>\n<p>El gasto medio mensual por beneficiario, sin incluir el subsidio agrario de Andaluc\u00eda y Extremadura, en julio ha sido de <strong>1.315,4 euros lo que supone 252,6 euros m\u00e1s<\/strong> que en julio de 2024 (23,8%). Los gastos totales de julio de 2025 ascendieron a 2.004,8 millones de euros<\/p>\n<p>&#013;<br \/>\nSource: Bolsamania.com<\/p>\n","protected":false},"excerpt":{"rendered":"<p>Noticia relacionada La Seguridad Social registra m\u00e1s de 21,6 millones de afiliados tras perder 199.300 en agosto En t\u00e9rminos interanuales&#8230;<\/p>\n","protected":false},"author":1,"featured_media":96266,"comment_status":"open","ping_status":"closed","sticky":false,"template":"","format":"standard","meta":[],"categories":[104],"tags":[99],"_links":{"self":[{"href":"https:\/\/tuavaluo.com\/avaluo\/wp-json\/wp\/v2\/posts\/96265"}],"collection":[{"href":"https:\/\/tuavaluo.com\/avaluo\/wp-json\/wp\/v2\/posts"}],"about":[{"href":"https:\/\/tuavaluo.com\/avaluo\/wp-json\/wp\/v2\/types\/post"}],"author":[{"embeddable":true,"href":"https:\/\/tuavaluo.com\/avaluo\/wp-json\/wp\/v2\/users\/1"}],"replies":[{"embeddable":true,"href":"https:\/\/tuavaluo.com\/avaluo\/wp-json\/wp\/v2\/comments?post=96265"}],"version-history":[{"count":0,"href":"https:\/\/tuavaluo.com\/avaluo\/wp-json\/wp\/v2\/posts\/96265\/revisions"}],"wp:featuredmedia":[{"embeddable":true,"href":"https:\/\/tuavaluo.com\/avaluo\/wp-json\/wp\/v2\/media\/96266"}],"wp:attachment":[{"href":"https:\/\/tuavaluo.com\/avaluo\/wp-json\/wp\/v2\/media?parent=96265"}],"wp:term":[{"taxonomy":"category","embeddable":true,"href":"https:\/\/tuavaluo.com\/avaluo\/wp-json\/wp\/v2\/categories?post=96265"},{"taxonomy":"post_tag","embeddable":true,"href":"https:\/\/tuavaluo.com\/avaluo\/wp-json\/wp\/v2\/tags?post=96265"}],"curies":[{"name":"wp","href":"https:\/\/api.w.org\/{rel}","templated":true}]}}