{"id":96363,"date":"2025-09-03T16:25:52","date_gmt":"2025-09-03T16:25:52","guid":{"rendered":"https:\/\/tuavaluo.com\/avaluo\/2025\/09\/03\/waller-fed-debemos-empezar-a-recortar-los-tipos-en-la-proxima-reunion\/"},"modified":"2025-09-03T16:25:52","modified_gmt":"2025-09-03T16:25:52","slug":"waller-fed-debemos-empezar-a-recortar-los-tipos-en-la-proxima-reunion","status":"publish","type":"post","link":"https:\/\/tuavaluo.com\/avaluo\/2025\/09\/03\/waller-fed-debemos-empezar-a-recortar-los-tipos-en-la-proxima-reunion\/","title":{"rendered":"Waller (Fed): &quot;Debemos empezar a recortar los tipos en la pr\u00f3xima reuni\u00f3n&quot;"},"content":{"rendered":"<p>Estas declaraciones de Waller, en una entrevista concedida a &#8216;CNBC&#8217;, llegan tan solo dos d\u00edas antes de conocer el<strong> informe de empleo oficial de agosto<\/strong>, para el que se anticipa la creaci\u00f3n de <strong>78.000 nuevos puestos de trabajo<\/strong>, en comparaci\u00f3n con los 73.000 del mes anterior. Asimismo, se prev\u00e9 que la <strong>tasa de paro aumente<\/strong> una d\u00e9cima, hasta el <strong>4,3%<\/strong>.<\/p>\n<p>El dato ser\u00e1 clave para la <strong>decisi\u00f3n de tipos de la Fed<\/strong>, que celebrar\u00e1 una nueva reuni\u00f3n los pr\u00f3ximos 16 y 17 de septiembre, y para la que se descuenta, con una probabilidad del 91,7%, seg\u00fan la herramienta FedWatch de CME, que <strong>el organismo bajar\u00e1 las tasas en 25 puntos b\u00e1sicos<\/strong>.<\/p>\n<p>En este sentido, cabe recordar que el gobernador, junto con <strong>Michelle W. Bowman<\/strong>, votaron <strong>en contra de mantener los tipos sin cambios en el c\u00f3nclave monetario de julio<\/strong> y se mostraron a favor de un descenso de 25 pb.<\/p>\n<p>Es m\u00e1s, Waller ha afirmado que deber\u00eda haber m\u00faltiples recortes en los pr\u00f3ximos meses. \u00ab<strong>Yo dir\u00eda que en los pr\u00f3ximos tres o seis meses, podr\u00edamos ver m\u00faltiples recortes<\/strong>. Ya sea como cualquier otra reuni\u00f3n, cada reuni\u00f3n, tendremos que esperar y ver [qu\u00e9] dicen los datos\u00bb.<\/p>\n<p>\u00ab<strong>No tenemos que entrar en una secuencia de pasos de bloqueo<\/strong>. Podemos ver hacia d\u00f3nde van las cosas, porque la gente todav\u00eda est\u00e1 preocupada por la inflaci\u00f3n arancelaria. Yo no, pero todos los dem\u00e1s s\u00ed\u00bb, ha a\u00f1adido el gobernador de la Fed.<\/p>\n<p>Respecto al <strong>impacto de los aranceles<\/strong> de Trump, ha reconocido que desacelerar\u00e1n el crecimiento, aunque ha descartado una recesi\u00f3n.<\/p>\n<p>Por \u00faltimo, Waller no ha querido valorar la injerencia del presidente de EEUU en la Fed con la <strong>destituci\u00f3n de la gobernadora Lisa Cook<\/strong>, pero s\u00ed ha subrayado la importancia de que el organismo mantenga su independencia.<\/p>\n<p>\u00ab<strong>La independencia de la Fed es fundamental para todo lo que hacemos<\/strong>, y hay cosas que est\u00e1n sucediendo que preocupan a la gente, pero sigo creyendo que tenemos una Fed independiente\u00bb. \u00abLas personas que sean nombradas se comportar\u00e1n de esa manera y actuar\u00e1n de manera apol\u00edtica\u00bb, ha concluido Waller.<\/p>\n<p>&#013;<br \/>\nSource: Bolsamania.com<\/p>\n","protected":false},"excerpt":{"rendered":"<p>Estas declaraciones de Waller, en una entrevista concedida a &#8216;CNBC&#8217;, llegan tan solo dos d\u00edas antes de conocer el informe&#8230;<\/p>\n","protected":false},"author":1,"featured_media":0,"comment_status":"open","ping_status":"closed","sticky":false,"template":"","format":"standard","meta":[],"categories":[104],"tags":[99],"_links":{"self":[{"href":"https:\/\/tuavaluo.com\/avaluo\/wp-json\/wp\/v2\/posts\/96363"}],"collection":[{"href":"https:\/\/tuavaluo.com\/avaluo\/wp-json\/wp\/v2\/posts"}],"about":[{"href":"https:\/\/tuavaluo.com\/avaluo\/wp-json\/wp\/v2\/types\/post"}],"author":[{"embeddable":true,"href":"https:\/\/tuavaluo.com\/avaluo\/wp-json\/wp\/v2\/users\/1"}],"replies":[{"embeddable":true,"href":"https:\/\/tuavaluo.com\/avaluo\/wp-json\/wp\/v2\/comments?post=96363"}],"version-history":[{"count":0,"href":"https:\/\/tuavaluo.com\/avaluo\/wp-json\/wp\/v2\/posts\/96363\/revisions"}],"wp:attachment":[{"href":"https:\/\/tuavaluo.com\/avaluo\/wp-json\/wp\/v2\/media?parent=96363"}],"wp:term":[{"taxonomy":"category","embeddable":true,"href":"https:\/\/tuavaluo.com\/avaluo\/wp-json\/wp\/v2\/categories?post=96363"},{"taxonomy":"post_tag","embeddable":true,"href":"https:\/\/tuavaluo.com\/avaluo\/wp-json\/wp\/v2\/tags?post=96363"}],"curies":[{"name":"wp","href":"https:\/\/api.w.org\/{rel}","templated":true}]}}