{"id":96985,"date":"2025-09-16T10:24:00","date_gmt":"2025-09-16T10:24:00","guid":{"rendered":"https:\/\/tuavaluo.com\/avaluo\/2025\/09\/16\/nextil-firma-el-acuerdo-mas-importante-de-su-historia-y-se-dispara-en-bolsa\/"},"modified":"2025-09-16T10:24:00","modified_gmt":"2025-09-16T10:24:00","slug":"nextil-firma-el-acuerdo-mas-importante-de-su-historia-y-se-dispara-en-bolsa","status":"publish","type":"post","link":"https:\/\/tuavaluo.com\/avaluo\/2025\/09\/16\/nextil-firma-el-acuerdo-mas-importante-de-su-historia-y-se-dispara-en-bolsa\/","title":{"rendered":"Nextil firma el acuerdo m\u00e1s importante de su historia y se dispara en bolsa"},"content":{"rendered":"<p>El acuerdo establece un <strong>marco de colaboraci\u00f3n estrat\u00e9gica en exclusiva durante cinco a\u00f1os \u2014renovables\u2014<\/strong> para el desarrollo de programas textiles en las instalaciones de Nextil en Guatemala, bajo el paraguas del tratado CAFTA.<\/p>\n<p>Seg\u00fan las estimaciones remitidas por la compa\u00f1\u00eda, el <strong>volumen inicial de producci\u00f3n ser\u00e1 de 15 millones de d\u00f3lares anuales<\/strong>, con arranque este mismo mes de octubre. A partir de la segunda mitad del segundo a\u00f1o, <strong>la cifra superar\u00e1 los 40 millones de d\u00f3lares anuales<\/strong>. El <strong>compromiso total acumulado asciende a al menos 175 millones de d\u00f3lares en cinco a\u00f1os<\/strong>.<\/p>\n<p>La operaci\u00f3n se enmarca en la estrategia de Maxum de trasladar progresivamente su producci\u00f3n desde Asia hacia Guatemala, apostando por una cadena de suministro \u00abm\u00e1s cercana, competitiva y sostenible\u00bb.<\/p>\n<p>Nextil ha dicho que este acuerdo <strong>consolida el papel de su filial en Guatemala como hub industrial estrat\u00e9gico para Estados Unidos<\/strong>, y sit\u00faa al grupo en el <strong>centro de la transici\u00f3n global de la producci\u00f3n textil de Asia a Centroam\u00e9rica<\/strong>, impulsada por los aranceles y las nuevas pol\u00edticas comerciales en EEUU. \u00abSe trata de la demostraci\u00f3n tangible de que el nearshoring ha dejado de ser un concepto para convertirse en contratos de gran escala\u00bb, se\u00f1ala.<\/p>\n<p>Para C\u00e9sar P\u00e9rez Revenga, CEO de Nextil, \u201ceste acuerdo <strong>marca un antes y un despu\u00e9s\u00bb en la historia de la empresa<\/strong>.<\/p>\n<p>\u00abSellar una alianza de este volumen con un gigante como Maxum no solo consolida a Guatemala como plataforma textil estrat\u00e9gica para EEUU en el segmento premium, sino que tambi\u00e9n nos sit\u00faa en el centro de la transici\u00f3n de grandes grupos norteamericanos desde Asia hacia modelos de producci\u00f3n m\u00e1s sostenibles, competitivos y trazables. Este contrato da pleno sentido a la <strong>ampliaci\u00f3n de capacidad productiva en Guatemala realizada este a\u00f1o hasta 70 millones de d\u00f3lares anuales<\/strong>, y nos obligar\u00e1 a <strong>trazar una estrategia para incrementarla de nuevo m\u00e1s all\u00e1 de 2026<\/strong>\u00ab.<\/p>\n<p>Gary Peterman, presidente ejecutivo de Maxum International Group, se ha mostrado emocionado con esta alianza. \u00abCreemos que tenemos una verdadera asociaci\u00f3n en el desarrollo de muchas oportunidades tanto para Nextil como para Maxum International Group en el futuro, en un escenario mundial\u201d.<\/p>\n<p>Nextil a\u00f1ade que este acuerdo supone un <strong>paso decisivo en la ejecuci\u00f3n de su Plan Estrat\u00e9gico 2024\u20132026<\/strong>. El grupo ha adelantado adem\u00e1s que<strong> sigue trabajando en otros acuerdos con clientes relevantes<\/strong> y <strong>organizar\u00e1 en los pr\u00f3ximos meses un &#8216;Investors Day&#8217;<\/strong>, en el que presentar\u00e1 novedades sobre su Plan Estrat\u00e9gico y anunciar\u00e1 \u00abc\u00f3mo prolongar\u00e1 su crecimiento agresivo en 2026 y en a\u00f1os sucesivos\u00bb.<\/p>\n<p>&#013;<br \/>\nSource: Bolsamania.com<\/p>\n","protected":false},"excerpt":{"rendered":"<p>El acuerdo establece un marco de colaboraci\u00f3n estrat\u00e9gica en exclusiva durante cinco a\u00f1os \u2014renovables\u2014 para el desarrollo de programas textiles&#8230;<\/p>\n","protected":false},"author":1,"featured_media":0,"comment_status":"open","ping_status":"closed","sticky":false,"template":"","format":"standard","meta":[],"categories":[104],"tags":[99],"_links":{"self":[{"href":"https:\/\/tuavaluo.com\/avaluo\/wp-json\/wp\/v2\/posts\/96985"}],"collection":[{"href":"https:\/\/tuavaluo.com\/avaluo\/wp-json\/wp\/v2\/posts"}],"about":[{"href":"https:\/\/tuavaluo.com\/avaluo\/wp-json\/wp\/v2\/types\/post"}],"author":[{"embeddable":true,"href":"https:\/\/tuavaluo.com\/avaluo\/wp-json\/wp\/v2\/users\/1"}],"replies":[{"embeddable":true,"href":"https:\/\/tuavaluo.com\/avaluo\/wp-json\/wp\/v2\/comments?post=96985"}],"version-history":[{"count":0,"href":"https:\/\/tuavaluo.com\/avaluo\/wp-json\/wp\/v2\/posts\/96985\/revisions"}],"wp:attachment":[{"href":"https:\/\/tuavaluo.com\/avaluo\/wp-json\/wp\/v2\/media?parent=96985"}],"wp:term":[{"taxonomy":"category","embeddable":true,"href":"https:\/\/tuavaluo.com\/avaluo\/wp-json\/wp\/v2\/categories?post=96985"},{"taxonomy":"post_tag","embeddable":true,"href":"https:\/\/tuavaluo.com\/avaluo\/wp-json\/wp\/v2\/tags?post=96985"}],"curies":[{"name":"wp","href":"https:\/\/api.w.org\/{rel}","templated":true}]}}