{"id":97000,"date":"2025-09-16T11:52:43","date_gmt":"2025-09-16T11:52:43","guid":{"rendered":"https:\/\/tuavaluo.com\/avaluo\/2025\/09\/16\/acciona-energia-pone-en-marcha-su-mayor-proyecto-fotovoltaico-en-india\/"},"modified":"2025-09-16T11:52:43","modified_gmt":"2025-09-16T11:52:43","slug":"acciona-energia-pone-en-marcha-su-mayor-proyecto-fotovoltaico-en-india","status":"publish","type":"post","link":"https:\/\/tuavaluo.com\/avaluo\/2025\/09\/16\/acciona-energia-pone-en-marcha-su-mayor-proyecto-fotovoltaico-en-india\/","title":{"rendered":"Acciona Energ\u00eda pone en marcha su mayor proyecto fotovoltaico en India"},"content":{"rendered":"<p>As\u00ed lo ha anunciado Acciona Energ\u00eda en un comunicado, en el que explica que esta planta est\u00e1 formada por m\u00e1s de <strong>750.000 m\u00f3dulos fotovoltaicos<\/strong> y que producir\u00e1<strong> 800 gigavatios hora (GWh) de electricidad verde al a\u00f1o<\/strong>, suficiente para abastecer a 840.000 hogares. Adem\u00e1s, evitar\u00e1 la emisi\u00f3n de 724.000 toneladas anuales de CO2.<\/p>\n<div class=\"read-more-links\">\n<h5>Noticia relacionada<\/h5>\n<p><a class=\"readMore\" href=\"https:\/\/www.bolsamania.com\/noticias\/empresas\/acciona-lidera-caidas-recorte-citi-aconseja-vender-ve-mas-valor-acciona-energia--20893306.html\" rel=\"noopener noreferrer\" target=\"_blank\" data-id=\"20893306\" rel=\"nofollow\" ><\/p>\n<figure><img class=\"lazy\" title=\"Leer m\u00e1s\" data-original=\"https:\/\/img5.s3wfg.com\/web\/img\/images_uploaded\/6\/7\/ep_el_presidente_y_ceo_de_acciona_jose_manuel_entrecanales_durante_la_inauguracion_de_la_v_edicion_285x185.jpg\" data-src=\"https:\/\/img5.s3wfg.com\/web\/img\/images_uploaded\/6\/7\/ep_el_presidente_y_ceo_de_acciona_jose_manuel_entrecanales_durante_la_inauguracion_de_la_v_edicion_285x185.jpg\" \/><\/figure>\n<p>Acciona lidera las ca\u00eddas tras el recorte de Citi: aconseja &#8216;vender&#8217; y ve m\u00e1s valor en Acciona Energ\u00eda <\/a><\/div>\n<p>La compa\u00f1\u00eda ha detallado que el 70% de la producci\u00f3n de la planta se suministrar\u00e1 a <strong>Manikaran Power Limited<\/strong>, una de las mayores empresas de comercializaci\u00f3n de energ\u00eda de India, a trav\u00e9s de un PPA de 15 a\u00f1os, mientras que el 30% restante se destinar\u00e1 al mercado.<\/p>\n<p>Tambi\u00e9n ha incidido en que <strong>la construcci\u00f3n de Juna ha generado hasta 1.000 empleos<\/strong> en su momento de mayor actividad, remarcando que \u00abtendr\u00e1 un impacto positivo en las comunidades locales\u00bb gracias al programa de Gesti\u00f3n del Impacto Social de Acciona Energ\u00eda, que \u00abimpulsa iniciativas de educaci\u00f3n, bienestar y cuidado del medio ambiente en las comunidades en las que opera\u00bb.<\/p>\n<p>Con este proyecto, Acciona Energ\u00eda <strong>consolida su presencia en India, donde ya opera cuatro parques e\u00f3licos que suman 164 MW<\/strong>, y refuerza su diversificaci\u00f3n geogr\u00e1fica. Y es que India es el cuarto mercado energ\u00e9tico del mundo en t\u00e9rminos de capacidad instalada.<\/p>\n<p>\u00abEst\u00e1 logrando un <strong>notable progreso en el sector de las energ\u00edas renovables<\/strong> y se ha marcado como objetivo alcanzar los 500 GW de capacidad instalada procedente de fuentes no f\u00f3siles para 2030, lo que lo convierte en uno de los pa\u00edses con mejores perspectivas de crecimiento en el sector\u00bb, destaca el comunicado.<\/p>\n<p>Hasta junio de 2025, el pa\u00eds ya hab\u00eda alcanzado 235,7 GW, el 49% de su capacidad total instalada, procedentes de fuentes no f\u00f3siles.<\/p>\n<p>Cabe recordar que <strong>la capacidad solar en India se ha multiplicado casi 40 veces<\/strong>, pasando de 2,82 GW en 2014 a 110,9 GW en 2025. Rajast\u00e1n, adem\u00e1s, representa aproximadamente el 27% de la capacidad solar acumulada del pa\u00eds, lo que le convierte en el \u00abestado l\u00edder en el despliegue de instalaciones solares a gran escala\u00bb.<\/p>\n<p>&#013;<br \/>\nSource: Bolsamania.com<\/p>\n","protected":false},"excerpt":{"rendered":"<p>As\u00ed lo ha anunciado Acciona Energ\u00eda en un comunicado, en el que explica que esta planta est\u00e1 formada por m\u00e1s&#8230;<\/p>\n","protected":false},"author":1,"featured_media":97001,"comment_status":"open","ping_status":"closed","sticky":false,"template":"","format":"standard","meta":[],"categories":[104],"tags":[99],"_links":{"self":[{"href":"https:\/\/tuavaluo.com\/avaluo\/wp-json\/wp\/v2\/posts\/97000"}],"collection":[{"href":"https:\/\/tuavaluo.com\/avaluo\/wp-json\/wp\/v2\/posts"}],"about":[{"href":"https:\/\/tuavaluo.com\/avaluo\/wp-json\/wp\/v2\/types\/post"}],"author":[{"embeddable":true,"href":"https:\/\/tuavaluo.com\/avaluo\/wp-json\/wp\/v2\/users\/1"}],"replies":[{"embeddable":true,"href":"https:\/\/tuavaluo.com\/avaluo\/wp-json\/wp\/v2\/comments?post=97000"}],"version-history":[{"count":0,"href":"https:\/\/tuavaluo.com\/avaluo\/wp-json\/wp\/v2\/posts\/97000\/revisions"}],"wp:featuredmedia":[{"embeddable":true,"href":"https:\/\/tuavaluo.com\/avaluo\/wp-json\/wp\/v2\/media\/97001"}],"wp:attachment":[{"href":"https:\/\/tuavaluo.com\/avaluo\/wp-json\/wp\/v2\/media?parent=97000"}],"wp:term":[{"taxonomy":"category","embeddable":true,"href":"https:\/\/tuavaluo.com\/avaluo\/wp-json\/wp\/v2\/categories?post=97000"},{"taxonomy":"post_tag","embeddable":true,"href":"https:\/\/tuavaluo.com\/avaluo\/wp-json\/wp\/v2\/tags?post=97000"}],"curies":[{"name":"wp","href":"https:\/\/api.w.org\/{rel}","templated":true}]}}