{"id":97490,"date":"2025-09-25T19:21:12","date_gmt":"2025-09-25T19:21:12","guid":{"rendered":"https:\/\/tuavaluo.com\/avaluo\/2025\/09\/25\/miran-y-bowman-abogan-por-mas-recortes-de-la-fed-ante-la-vulnerabilidad-economica\/"},"modified":"2025-09-25T19:21:12","modified_gmt":"2025-09-25T19:21:12","slug":"miran-y-bowman-abogan-por-mas-recortes-de-la-fed-ante-la-vulnerabilidad-economica","status":"publish","type":"post","link":"https:\/\/tuavaluo.com\/avaluo\/2025\/09\/25\/miran-y-bowman-abogan-por-mas-recortes-de-la-fed-ante-la-vulnerabilidad-economica\/","title":{"rendered":"Miran y Bowman abogan por m\u00e1s recortes de la Fed ante la vulnerabilidad econ\u00f3mica"},"content":{"rendered":"<p>En el caso de Miran, nominado de Trump, ha advertido que<strong> la Fed corre el riesgo de da\u00f1ar la econom\u00eda si no act\u00faa r\u00e1pidamente<\/strong> para bajar las tasas.<\/p>\n<p>De hecho, ha insistido en que<strong> la actual pol\u00edtica monetaria<\/strong> del organismo <strong>es altamente restrictiva<\/strong> porque est\u00e1 muy por encima de su estimaci\u00f3n del llamado nivel \u00abneutral\u00bb.<\/p>\n<p>\u00abPor eso es tan <strong>importante empezar a ajustar m\u00e1s r\u00e1pido<\/strong>, en lugar de hacerlo con menos rapidez\u00bb, ha se\u00f1alado en una entrevista en Fox Business. \u00abCuando la pol\u00edtica monetaria adopta una postura tan restrictiva, la econom\u00eda se vuelve m\u00e1s vulnerable a las crisis. En mi opini\u00f3n, no hay necesidad de correr ese tipo de riesgo\u00bb.<\/p>\n<p>Cabe recordar que la Fed decidi\u00f3 en su \u00faltima reuni\u00f3n de pol\u00edtica monetaria, celebrada la semana pasada, <strong>bajar los tipos en 25 puntos b\u00e1sicos<\/strong>, un encuentro en el que Miran vot\u00f3 a favor de un recorte &#8216;jumbo&#8217; de 50 puntos b\u00e1sicos.<\/p>\n<p>As\u00ed, el gobernador ha reiterado que el organismo puede <strong>implementar r\u00e1pidamente una serie de descensos m\u00e1s grandes<\/strong> para alcanzar el nivel neutral, en lugar de avanzar lentamente a lo largo del a\u00f1o.<\/p>\n<p>\u00abMi opini\u00f3n es que podemos llegar all\u00ed con una serie muy corta de recortes de 50 puntos b\u00e1sicos, reajustar la pol\u00edtica monetaria y luego <strong>avanzar con m\u00e1s cautela una vez que estemos all\u00ed<\/strong>\u00ab, ha subrayado.<\/p>\n<p>Bowman, por su parte, ha enfatizado que la inflaci\u00f3n est\u00e1 lo suficientemente cerca del objetivo del banco central como para justificar m\u00e1s recortes porque <strong>el mercado laboral se est\u00e1 debilitando<\/strong>.<\/p>\n<p>\u00abLa inflaci\u00f3n se encuentra dentro del rango objetivo del 2% de la Fed, pero el mercado laboral es m\u00e1s fr\u00e1gil de lo previsto\u00bb, ha expresado en un evento del Centro Psaros para Mercados Financieros y Pol\u00edtica en la Universidad de Georgetown. \u00abEl <strong>impacto de los aranceles<\/strong> en el aumento de precios probablemente ser\u00e1 un evento \u00fanico\u00bb.<\/p>\n<p>Bowman tambi\u00e9n ha alertado que <strong>el banco central estadounidense corre el riesgo de quedarse atr\u00e1s<\/strong> y, por ello, deben actuar con decisi\u00f3n para reducirlas a medida que el mercado laboral se debilita.<\/p>\n<p>&#013;<br \/>\nSource: Bolsamania.com<\/p>\n","protected":false},"excerpt":{"rendered":"<p>En el caso de Miran, nominado de Trump, ha advertido que la Fed corre el riesgo de da\u00f1ar la econom\u00eda&#8230;<\/p>\n","protected":false},"author":1,"featured_media":0,"comment_status":"open","ping_status":"closed","sticky":false,"template":"","format":"standard","meta":[],"categories":[104],"tags":[99],"_links":{"self":[{"href":"https:\/\/tuavaluo.com\/avaluo\/wp-json\/wp\/v2\/posts\/97490"}],"collection":[{"href":"https:\/\/tuavaluo.com\/avaluo\/wp-json\/wp\/v2\/posts"}],"about":[{"href":"https:\/\/tuavaluo.com\/avaluo\/wp-json\/wp\/v2\/types\/post"}],"author":[{"embeddable":true,"href":"https:\/\/tuavaluo.com\/avaluo\/wp-json\/wp\/v2\/users\/1"}],"replies":[{"embeddable":true,"href":"https:\/\/tuavaluo.com\/avaluo\/wp-json\/wp\/v2\/comments?post=97490"}],"version-history":[{"count":0,"href":"https:\/\/tuavaluo.com\/avaluo\/wp-json\/wp\/v2\/posts\/97490\/revisions"}],"wp:attachment":[{"href":"https:\/\/tuavaluo.com\/avaluo\/wp-json\/wp\/v2\/media?parent=97490"}],"wp:term":[{"taxonomy":"category","embeddable":true,"href":"https:\/\/tuavaluo.com\/avaluo\/wp-json\/wp\/v2\/categories?post=97490"},{"taxonomy":"post_tag","embeddable":true,"href":"https:\/\/tuavaluo.com\/avaluo\/wp-json\/wp\/v2\/tags?post=97490"}],"curies":[{"name":"wp","href":"https:\/\/api.w.org\/{rel}","templated":true}]}}