{"id":97693,"date":"2025-09-30T14:32:28","date_gmt":"2025-09-30T14:32:28","guid":{"rendered":"https:\/\/tuavaluo.com\/avaluo\/2025\/09\/30\/la-confianza-del-consumidor-de-eeuu-baja-en-septiembre-a-minimos-de-cinco-meses\/"},"modified":"2025-09-30T14:32:28","modified_gmt":"2025-09-30T14:32:28","slug":"la-confianza-del-consumidor-de-eeuu-baja-en-septiembre-a-minimos-de-cinco-meses","status":"publish","type":"post","link":"https:\/\/tuavaluo.com\/avaluo\/2025\/09\/30\/la-confianza-del-consumidor-de-eeuu-baja-en-septiembre-a-minimos-de-cinco-meses\/","title":{"rendered":"La confianza del consumidor de EEUU baja en septiembre a m\u00ednimos de cinco meses"},"content":{"rendered":"<p><strong>Stephanie Guichard<\/strong>, economista principal de indicadores mundiales de The Conference Board, asegura que <strong>\u00abel componente de la situaci\u00f3n actual registr\u00f3 su mayor ca\u00edda en un a\u00f1o<\/strong>\u00ab, ya que \u00abla evaluaci\u00f3n de los consumidores sobre las condiciones empresariales fue mucho menos positiva que en los \u00faltimos meses, mientras que su valoraci\u00f3n de la disponibilidad actual de empleos cay\u00f3 por noveno mes consecutivo, alcanzando un nuevo m\u00ednimo en varios a\u00f1os\u00bb.<\/p>\n<p>\u00abEsto es coherente con la disminuci\u00f3n de las vacantes. Las expectativas tambi\u00e9n se debilitaron en septiembre, pero en menor medida.<strong> Los consumidores se mostraron algo m\u00e1s pesimistas sobre la disponibilidad de empleo y las condiciones empresariales futuras<\/strong>, pero el optimismo sobre los ingresos futuros aument\u00f3, mitigando la ca\u00edda general del \u00edndice de expectativas\u00bb, agrega.<\/p>\n<p>Adem\u00e1s, destaca que \u00abentre los grupos demogr\u00e1ficos,<strong> la confianza aument\u00f3 para los consumidores menores de 35 a\u00f1os<\/strong>, pero disminuy\u00f3 para los consumidores mayores de 35&#8243;.<\/p>\n<p>En el caso del <strong>\u00edndice de situaci\u00f3n actual<\/strong>, basado en la valoraci\u00f3n de los consumidores de las condiciones actuales de los negocios y del mercado laboral, ha ca\u00eddo en septiembre 7 puntos, hasta 125,4.<\/p>\n<p>Por su parte,<strong> el \u00edndice expectativas<\/strong>, basado en las perspectivas a corto plazo de los consumidores sobre las condiciones de los ingresos, las empresas y el mercado laboral, ha bajado 1,3 puntos, hasta 73,4, por debajo del umbral de 80 que suele ser se\u00f1al de una pr\u00f3xima recesi\u00f3n.<\/p>\n<p>\u00abEntre las respuestas escritas de los consumidores, <strong>se observ\u00f3 un aumento en las menciones de empleo y empleo a un nivel no visto desde agosto de 2024<\/strong>. Los comentarios fueron mayoritariamente negativos, especialmente en referencia a la situaci\u00f3n actual; hubo algunos comentarios positivos que, en su mayor\u00eda, transmit\u00edan la esperanza de una mejora\u00bb, concluye.<\/p>\n<p>&#013;<br \/>\nSource: Bolsamania.com<\/p>\n","protected":false},"excerpt":{"rendered":"<p>Stephanie Guichard, economista principal de indicadores mundiales de The Conference Board, asegura que \u00abel componente de la situaci\u00f3n actual registr\u00f3&#8230;<\/p>\n","protected":false},"author":1,"featured_media":0,"comment_status":"open","ping_status":"closed","sticky":false,"template":"","format":"standard","meta":[],"categories":[104],"tags":[99],"_links":{"self":[{"href":"https:\/\/tuavaluo.com\/avaluo\/wp-json\/wp\/v2\/posts\/97693"}],"collection":[{"href":"https:\/\/tuavaluo.com\/avaluo\/wp-json\/wp\/v2\/posts"}],"about":[{"href":"https:\/\/tuavaluo.com\/avaluo\/wp-json\/wp\/v2\/types\/post"}],"author":[{"embeddable":true,"href":"https:\/\/tuavaluo.com\/avaluo\/wp-json\/wp\/v2\/users\/1"}],"replies":[{"embeddable":true,"href":"https:\/\/tuavaluo.com\/avaluo\/wp-json\/wp\/v2\/comments?post=97693"}],"version-history":[{"count":0,"href":"https:\/\/tuavaluo.com\/avaluo\/wp-json\/wp\/v2\/posts\/97693\/revisions"}],"wp:attachment":[{"href":"https:\/\/tuavaluo.com\/avaluo\/wp-json\/wp\/v2\/media?parent=97693"}],"wp:term":[{"taxonomy":"category","embeddable":true,"href":"https:\/\/tuavaluo.com\/avaluo\/wp-json\/wp\/v2\/categories?post=97693"},{"taxonomy":"post_tag","embeddable":true,"href":"https:\/\/tuavaluo.com\/avaluo\/wp-json\/wp\/v2\/tags?post=97693"}],"curies":[{"name":"wp","href":"https:\/\/api.w.org\/{rel}","templated":true}]}}