{"id":98634,"date":"2025-10-17T20:30:22","date_gmt":"2025-10-17T20:30:22","guid":{"rendered":"https:\/\/tuavaluo.com\/avaluo\/2025\/10\/17\/sp-rebaja-el-rating-de-francia-a-a-a-1-por-los-riesgos-para-la-consolidacion-presupuestaria\/"},"modified":"2025-10-17T20:30:22","modified_gmt":"2025-10-17T20:30:22","slug":"sp-rebaja-el-rating-de-francia-a-a-a-1-por-los-riesgos-para-la-consolidacion-presupuestaria","status":"publish","type":"post","link":"https:\/\/tuavaluo.com\/avaluo\/2025\/10\/17\/sp-rebaja-el-rating-de-francia-a-a-a-1-por-los-riesgos-para-la-consolidacion-presupuestaria\/","title":{"rendered":"S&amp;P rebaja el rating de Francia a &#039;A+\/A-1&#039; por los &quot;riesgos para la consolidaci\u00f3n presupuestaria&quot;"},"content":{"rendered":"<p>La agencia ha explicado que la perspectiva &#8216;estable&#8217; sobre Francia \u00ab<strong>equilibra la creciente deuda gubernamental y el d\u00e9bil consenso pol\u00edtico sobre el ritmo de la consolidaci\u00f3n presupuestaria<\/strong> con las fortalezas crediticias del pa\u00eds, incluida su econom\u00eda rica y equilibrada, el alto nivel de ahorro privado, un sector financiero grande y l\u00edquido y su membres\u00eda en la zona del euro\u00bb.<\/p>\n<p>\u00abPrevemos que la incertidumbre pol\u00edtica afectar\u00e1 a la econom\u00eda francesa, <strong>lastrando la actividad inversora y el consumo privado, y, por consiguiente, el crecimiento econ\u00f3mico<\/strong>. S&amp;P Global Ratings proyecta un crecimiento econ\u00f3mico real del 0,7% este a\u00f1o, con una recuperaci\u00f3n moderada en 2026, a medida que los consumidores y las empresas ahorren m\u00e1s y gasten menos ante posibles subidas de impuestos\u00bb, destaca.<\/p>\n<p>Tambi\u00e9n apunta que <strong>\u00ablos riesgos adicionales\u00bb para su previsi\u00f3n de crecimiento \u00abson considerables\u00bb<\/strong>, sobre todo \u00abdada la posibilidad de que el aumento de los costes de financiaci\u00f3n p\u00fablica se traslade al coste de financiaci\u00f3n del resto de la econom\u00eda francesa\u00bb.<\/p>\n<p>\u00abCreemos que, gracias a <strong>la disciplina del gasto a nivel estatal<\/strong> (gobierno central) y a una recaudaci\u00f3n fiscal m\u00e1s din\u00e1mica en lo que va de a\u00f1o, el gobierno est\u00e1 en v\u00edas de cumplir su objetivo de d\u00e9ficit presupuestario general del 5,4% del PIB para 2025. Sin embargo, debido a la probabilidad de modificaciones al proyecto de presupuesto de 2026, prevemos que los d\u00e9ficits se mantendr\u00e1n elevados durante los pr\u00f3ximos tres a\u00f1os\u00bb, indican.<\/p>\n<p>Esto se debe especialmente al \u00ab<strong>relativamente alto d\u00e9ficit presupuestario primario<\/strong> (d\u00e9ficit presupuestario general, sin incluir el pago de intereses), que, de no realizarse esfuerzos adicionales de consolidaci\u00f3n presupuestaria, mejorar\u00e1 solo lentamente durante el horizonte de previsi\u00f3n\u00bb.<\/p>\n<p>&#013;<br \/>\nSource: Bolsamania.com<\/p>\n","protected":false},"excerpt":{"rendered":"<p>La agencia ha explicado que la perspectiva &#8216;estable&#8217; sobre Francia \u00abequilibra la creciente deuda gubernamental y el d\u00e9bil consenso pol\u00edtico&#8230;<\/p>\n","protected":false},"author":1,"featured_media":0,"comment_status":"open","ping_status":"closed","sticky":false,"template":"","format":"standard","meta":[],"categories":[104],"tags":[99],"_links":{"self":[{"href":"https:\/\/tuavaluo.com\/avaluo\/wp-json\/wp\/v2\/posts\/98634"}],"collection":[{"href":"https:\/\/tuavaluo.com\/avaluo\/wp-json\/wp\/v2\/posts"}],"about":[{"href":"https:\/\/tuavaluo.com\/avaluo\/wp-json\/wp\/v2\/types\/post"}],"author":[{"embeddable":true,"href":"https:\/\/tuavaluo.com\/avaluo\/wp-json\/wp\/v2\/users\/1"}],"replies":[{"embeddable":true,"href":"https:\/\/tuavaluo.com\/avaluo\/wp-json\/wp\/v2\/comments?post=98634"}],"version-history":[{"count":0,"href":"https:\/\/tuavaluo.com\/avaluo\/wp-json\/wp\/v2\/posts\/98634\/revisions"}],"wp:attachment":[{"href":"https:\/\/tuavaluo.com\/avaluo\/wp-json\/wp\/v2\/media?parent=98634"}],"wp:term":[{"taxonomy":"category","embeddable":true,"href":"https:\/\/tuavaluo.com\/avaluo\/wp-json\/wp\/v2\/categories?post=98634"},{"taxonomy":"post_tag","embeddable":true,"href":"https:\/\/tuavaluo.com\/avaluo\/wp-json\/wp\/v2\/tags?post=98634"}],"curies":[{"name":"wp","href":"https:\/\/api.w.org\/{rel}","templated":true}]}}