{"id":98696,"date":"2025-10-20T14:27:04","date_gmt":"2025-10-20T14:27:04","guid":{"rendered":"https:\/\/tuavaluo.com\/avaluo\/2025\/10\/20\/el-banco-de-espana-nombra-director-general-adjunto-de-economia-a-javier-perez\/"},"modified":"2025-10-20T14:27:04","modified_gmt":"2025-10-20T14:27:04","slug":"el-banco-de-espana-nombra-director-general-adjunto-de-economia-a-javier-perez","status":"publish","type":"post","link":"https:\/\/tuavaluo.com\/avaluo\/2025\/10\/20\/el-banco-de-espana-nombra-director-general-adjunto-de-economia-a-javier-perez\/","title":{"rendered":"El Banco de Espa\u00f1a nombra director general adjunto de Econom\u00eda a Javier P\u00e9rez"},"content":{"rendered":"<p>Para este nombramiento <strong>se ha utilizado de nuevo la f\u00f3rmula de la expresi\u00f3n de inter\u00e9s<\/strong>, como viene siendo habitual en los \u00faltimos meses para seleccionar a los altos cargos de la instituci\u00f3n. La expresi\u00f3n de inter\u00e9s se public\u00f3 el 29 de agosto y el plazo estuvo abierto hasta el 12 de septiembre. Durante este periodo, el BdE recibi\u00f3 m\u00e1s de una veintena de candidaturas, con \u00abexcelentes perfiles profesionales tanto internos como externos al Banco de Espa\u00f1a\u00bb.<\/p>\n<p>El gobernador ha contado en este proceso con el asesoramiento de un panel de tres expertos en el \u00e1mbito del an\u00e1lisis y la investigaci\u00f3n econ\u00f3mica:<strong> Jos\u00e9 Garc\u00eda Montalvo, Ricardo Reis y Sylvana Tenreyro<\/strong>, as\u00ed como el del director general de Econom\u00eda, David Lopez Salido.<\/p>\n<p>Tras realizar entrevistas y una valoraci\u00f3n de las competencias de cuatro candidatos preseleccionados por el panel, sus miembros <strong>destacaron a Javier P\u00e9rez como el candidato m\u00e1s adecuado para ocupar esta posici\u00f3n. <\/strong><\/p>\n<p>\u00abAdem\u00e1s de contar con s\u00f3lidos conocimientos econ\u00f3micos, como refleja su amplia experiencia investigadora en macroeconom\u00eda y pol\u00edtica fiscal, <strong>su perfil complementa al del director general y aporta las capacidades organizativas<\/strong> y de gesti\u00f3n requeridas en este puesto\u00bb, explica el banco central.<\/p>\n<p>Teniendo en cuenta estas consideraciones, el gobernador propuso designar como director general adjunto de Econom\u00eda a Javier P\u00e9rez, que<strong> hasta ahora ocupaba el cargo de director del Departamento de Pol\u00edtica Monetaria y Econom\u00eda Internacional en esta misma direcci\u00f3n general.<\/strong><\/p>\n<p>&#013;<br \/>\nSource: Bolsamania.com<\/p>\n","protected":false},"excerpt":{"rendered":"<p>Para este nombramiento se ha utilizado de nuevo la f\u00f3rmula de la expresi\u00f3n de inter\u00e9s, como viene siendo habitual en&#8230;<\/p>\n","protected":false},"author":1,"featured_media":0,"comment_status":"open","ping_status":"closed","sticky":false,"template":"","format":"standard","meta":[],"categories":[104],"tags":[99],"_links":{"self":[{"href":"https:\/\/tuavaluo.com\/avaluo\/wp-json\/wp\/v2\/posts\/98696"}],"collection":[{"href":"https:\/\/tuavaluo.com\/avaluo\/wp-json\/wp\/v2\/posts"}],"about":[{"href":"https:\/\/tuavaluo.com\/avaluo\/wp-json\/wp\/v2\/types\/post"}],"author":[{"embeddable":true,"href":"https:\/\/tuavaluo.com\/avaluo\/wp-json\/wp\/v2\/users\/1"}],"replies":[{"embeddable":true,"href":"https:\/\/tuavaluo.com\/avaluo\/wp-json\/wp\/v2\/comments?post=98696"}],"version-history":[{"count":0,"href":"https:\/\/tuavaluo.com\/avaluo\/wp-json\/wp\/v2\/posts\/98696\/revisions"}],"wp:attachment":[{"href":"https:\/\/tuavaluo.com\/avaluo\/wp-json\/wp\/v2\/media?parent=98696"}],"wp:term":[{"taxonomy":"category","embeddable":true,"href":"https:\/\/tuavaluo.com\/avaluo\/wp-json\/wp\/v2\/categories?post=98696"},{"taxonomy":"post_tag","embeddable":true,"href":"https:\/\/tuavaluo.com\/avaluo\/wp-json\/wp\/v2\/tags?post=98696"}],"curies":[{"name":"wp","href":"https:\/\/api.w.org\/{rel}","templated":true}]}}